{"id":122815,"date":"2026-05-26T15:11:31","date_gmt":"2026-05-26T13:11:31","guid":{"rendered":"https:\/\/www.ffos.unios.hr\/suradnici-na-projektu-evlija-celebi-i-istocna-hrvatska-u-17-stoljecu-izlagali-na-znanstvenom-skupu-u-australiji\/"},"modified":"2026-08-06T14:11:35","modified_gmt":"2026-08-06T12:11:35","slug":"project-associates-of-evliya-celebi-and-eastern-croatia-in-the-seventeenth-century-presented-at-an-academic-conference-in-australia","status":"publish","type":"post","link":"https:\/\/www.ffos.unios.hr\/en\/project-associates-of-evliya-celebi-and-eastern-croatia-in-the-seventeenth-century-presented-at-an-academic-conference-in-australia\/","title":{"rendered":"Project Associates of \u201cEvliya \u010celebi and Eastern Croatia in the Seventeenth Century\u201d Presented at an Academic Conference in Australia"},"content":{"rendered":"<p style=\"text-align: justify;\">Project associates of \u201cEvliya \u010celebi and Eastern Croatia in the Seventeenth Century\u201d, Eldina Lova\u0161, PhD, and Assoc. Prof. An\u0111elko Vla\u0161i\u0107, PhD, delivered presentations at the international academic conference \u201c24th Biennial Conference on Balkan and South Slavic Linguistics, Literature and Folklore\u201d, held in Newcastle, Australia, from 20 to 23 May 2026.<\/p>\n\n\t\t<style>\n\t\t\t#gallery-1 {\n\t\t\t\tmargin: auto;\n\t\t\t}\n\t\t\t#gallery-1 .gallery-item {\n\t\t\t\tfloat: left;\n\t\t\t\tmargin-top: 10px;\n\t\t\t\ttext-align: center;\n\t\t\t\twidth: 50%;\n\t\t\t}\n\t\t\t#gallery-1 img {\n\t\t\t\tborder: 2px solid #cfcfcf;\n\t\t\t}\n\t\t\t#gallery-1 .gallery-caption {\n\t\t\t\tmargin-left: 0;\n\t\t\t}\n\t\t\t\/* see gallery_shortcode() in wp-includes\/media.php *\/\n\t\t<\/style>\n\t\t<div id='gallery-1' class='gallery galleryid-122815 gallery-columns-2 gallery-size-large'><dl class='gallery-item'>\n\t\t\t<dt class='gallery-icon landscape'>\n\t\t\t\t<a href='https:\/\/www.ffos.unios.hr\/wp-content\/uploads\/2026\/05\/avlasic-1.jpg'><img decoding=\"async\" width=\"1024\" height=\"768\" src=\"https:\/\/www.ffos.unios.hr\/wp-content\/uploads\/2026\/05\/avlasic-1-1024x768.jpg\" class=\"attachment-large size-large\" alt=\"\" srcset=\"https:\/\/www.ffos.unios.hr\/wp-content\/uploads\/2026\/05\/avlasic-1-1024x768.jpg 1024w, https:\/\/www.ffos.unios.hr\/wp-content\/uploads\/2026\/05\/avlasic-1-300x225.jpg 300w, https:\/\/www.ffos.unios.hr\/wp-content\/uploads\/2026\/05\/avlasic-1-768x576.jpg 768w, https:\/\/www.ffos.unios.hr\/wp-content\/uploads\/2026\/05\/avlasic-1-1536x1152.jpg 1536w, https:\/\/www.ffos.unios.hr\/wp-content\/uploads\/2026\/05\/avlasic-1.jpg 1800w\" sizes=\"(max-width: 1024px) 100vw, 1024px\" \/><\/a>\n\t\t\t<\/dt><\/dl><dl class='gallery-item'>\n\t\t\t<dt class='gallery-icon landscape'>\n\t\t\t\t<a href='https:\/\/www.ffos.unios.hr\/wp-content\/uploads\/2026\/05\/elovas-1.jpg'><img decoding=\"async\" width=\"1024\" height=\"768\" src=\"https:\/\/www.ffos.unios.hr\/wp-content\/uploads\/2026\/05\/elovas-1-1024x768.jpg\" class=\"attachment-large size-large\" alt=\"\" srcset=\"https:\/\/www.ffos.unios.hr\/wp-content\/uploads\/2026\/05\/elovas-1-1024x768.jpg 1024w, https:\/\/www.ffos.unios.hr\/wp-content\/uploads\/2026\/05\/elovas-1-300x225.jpg 300w, https:\/\/www.ffos.unios.hr\/wp-content\/uploads\/2026\/05\/elovas-1-768x576.jpg 768w, https:\/\/www.ffos.unios.hr\/wp-content\/uploads\/2026\/05\/elovas-1-1536x1152.jpg 1536w, https:\/\/www.ffos.unios.hr\/wp-content\/uploads\/2026\/05\/elovas-1.jpg 1800w\" sizes=\"(max-width: 1024px) 100vw, 1024px\" \/><\/a>\n\t\t\t<\/dt><\/dl><br style=\"clear: both\" \/>\n\t\t<\/div>\n\n<p style=\"text-align: justify;\">Eldina Lova\u0161 presented the paper \u201cThe South Slavic World through the Eyes of a Jesuit Missionary: Bartol Ka\u0161i\u0107&#8217;s Missionary Journeys in Eastern Croatia, Bosnia and Syrmia\u201d together with Ivan Armand. An\u0111elko Vla\u0161i\u0107 presented the paper \u201cEvliya \u010celebi as a Source for the Folklore and Linguistics of Croatia and Bosnia and Herzegovina\u201d together with Janja Kova\u010d.<\/p>\n\n\t\t<style>\n\t\t\t#gallery-2 {\n\t\t\t\tmargin: auto;\n\t\t\t}\n\t\t\t#gallery-2 .gallery-item {\n\t\t\t\tfloat: left;\n\t\t\t\tmargin-top: 10px;\n\t\t\t\ttext-align: center;\n\t\t\t\twidth: 50%;\n\t\t\t}\n\t\t\t#gallery-2 img {\n\t\t\t\tborder: 2px solid #cfcfcf;\n\t\t\t}\n\t\t\t#gallery-2 .gallery-caption {\n\t\t\t\tmargin-left: 0;\n\t\t\t}\n\t\t\t\/* see gallery_shortcode() in wp-includes\/media.php *\/\n\t\t<\/style>\n\t\t<div id='gallery-2' class='gallery galleryid-122815 gallery-columns-2 gallery-size-large'><dl class='gallery-item'>\n\t\t\t<dt class='gallery-icon landscape'>\n\t\t\t\t<a href='https:\/\/www.ffos.unios.hr\/wp-content\/uploads\/2026\/05\/elovas-2-scaled.jpg'><img decoding=\"async\" width=\"1024\" height=\"768\" src=\"https:\/\/www.ffos.unios.hr\/wp-content\/uploads\/2026\/05\/elovas-2-1024x768.jpg\" class=\"attachment-large size-large\" alt=\"\" srcset=\"https:\/\/www.ffos.unios.hr\/wp-content\/uploads\/2026\/05\/elovas-2-1024x768.jpg 1024w, https:\/\/www.ffos.unios.hr\/wp-content\/uploads\/2026\/05\/elovas-2-300x225.jpg 300w, https:\/\/www.ffos.unios.hr\/wp-content\/uploads\/2026\/05\/elovas-2-768x576.jpg 768w, https:\/\/www.ffos.unios.hr\/wp-content\/uploads\/2026\/05\/elovas-2-1536x1152.jpg 1536w, https:\/\/www.ffos.unios.hr\/wp-content\/uploads\/2026\/05\/elovas-2-scaled.jpg 2048w\" sizes=\"(max-width: 1024px) 100vw, 1024px\" \/><\/a>\n\t\t\t<\/dt><\/dl><dl class='gallery-item'>\n\t\t\t<dt class='gallery-icon landscape'>\n\t\t\t\t<a href='https:\/\/www.ffos.unios.hr\/wp-content\/uploads\/2026\/05\/iarmanda-1-scaled.jpg'><img decoding=\"async\" width=\"1024\" height=\"768\" src=\"https:\/\/www.ffos.unios.hr\/wp-content\/uploads\/2026\/05\/iarmanda-1-1024x768.jpg\" class=\"attachment-large size-large\" alt=\"\" srcset=\"https:\/\/www.ffos.unios.hr\/wp-content\/uploads\/2026\/05\/iarmanda-1-1024x768.jpg 1024w, https:\/\/www.ffos.unios.hr\/wp-content\/uploads\/2026\/05\/iarmanda-1-300x225.jpg 300w, https:\/\/www.ffos.unios.hr\/wp-content\/uploads\/2026\/05\/iarmanda-1-768x576.jpg 768w, https:\/\/www.ffos.unios.hr\/wp-content\/uploads\/2026\/05\/iarmanda-1-1536x1152.jpg 1536w, https:\/\/www.ffos.unios.hr\/wp-content\/uploads\/2026\/05\/iarmanda-1-scaled.jpg 2048w\" sizes=\"(max-width: 1024px) 100vw, 1024px\" \/><\/a>\n\t\t\t<\/dt><\/dl><br style=\"clear: both\" \/>\n\t\t<\/div>\n\n","protected":false},"excerpt":{"rendered":"<p>Project associates of \u201cEvliya \u010celebi and Eastern Croatia in the Seventeenth Century\u201d, Eldina Lova\u0161, PhD, and Assoc. Prof. An\u0111elko Vla\u0161i\u0107, PhD, delivered presentations at the international academic conference \u201c24th Biennial Conference on Balkan and South Slavic Linguistics, Literature and Folklore\u201d, held in Newcastle, Australia, from 20 to 23 May 2026. Eldina Lova\u0161 presented the paper [&hellip;]<\/p>\n","protected":false},"author":41,"featured_media":122816,"comment_status":"closed","ping_status":"closed","sticky":false,"template":"","format":"standard","meta":{"_acf_changed":false,"footnotes":""},"categories":[2],"tags":[],"calendar":[],"class_list":["post-122815","post","type-post","status-publish","format-standard","has-post-thumbnail","hentry","category-others","topics-znanstveni-skup","odsjeci-department-of-history"],"acf":[],"_links":{"self":[{"href":"https:\/\/www.ffos.unios.hr\/en\/wp-json\/wp\/v2\/posts\/122815","targetHints":{"allow":["GET"]}}],"collection":[{"href":"https:\/\/www.ffos.unios.hr\/en\/wp-json\/wp\/v2\/posts"}],"about":[{"href":"https:\/\/www.ffos.unios.hr\/en\/wp-json\/wp\/v2\/types\/post"}],"author":[{"embeddable":true,"href":"https:\/\/www.ffos.unios.hr\/en\/wp-json\/wp\/v2\/users\/41"}],"replies":[{"embeddable":true,"href":"https:\/\/www.ffos.unios.hr\/en\/wp-json\/wp\/v2\/comments?post=122815"}],"version-history":[{"count":3,"href":"https:\/\/www.ffos.unios.hr\/en\/wp-json\/wp\/v2\/posts\/122815\/revisions"}],"predecessor-version":[{"id":122822,"href":"https:\/\/www.ffos.unios.hr\/en\/wp-json\/wp\/v2\/posts\/122815\/revisions\/122822"}],"wp:featuredmedia":[{"embeddable":true,"href":"https:\/\/www.ffos.unios.hr\/en\/wp-json\/wp\/v2\/media\/122816"}],"wp:attachment":[{"href":"https:\/\/www.ffos.unios.hr\/en\/wp-json\/wp\/v2\/media?parent=122815"}],"wp:term":[{"taxonomy":"category","embeddable":true,"href":"https:\/\/www.ffos.unios.hr\/en\/wp-json\/wp\/v2\/categories?post=122815"},{"taxonomy":"post_tag","embeddable":true,"href":"https:\/\/www.ffos.unios.hr\/en\/wp-json\/wp\/v2\/tags?post=122815"},{"taxonomy":"calendar","embeddable":true,"href":"https:\/\/www.ffos.unios.hr\/en\/wp-json\/wp\/v2\/calendar?post=122815"}],"curies":[{"name":"wp","href":"https:\/\/api.w.org\/{rel}","templated":true}]}}