{"id":124402,"date":"2026-06-08T19:24:14","date_gmt":"2026-06-08T17:24:14","guid":{"rendered":"https:\/\/www.ffos.unios.hr\/posjet-njemackih-nastavnika-odsjeku-za-njemacki-jezik-i-knjizevnost\/"},"modified":"2026-08-20T09:42:52","modified_gmt":"2026-08-20T07:42:52","slug":"visit-of-german-teachers-to-the-department-of-german-language-and-literature","status":"publish","type":"post","link":"https:\/\/www.ffos.unios.hr\/en\/visit-of-german-teachers-to-the-department-of-german-language-and-literature\/","title":{"rendered":"Visit of German Teachers to the Department of German Language and Literature"},"content":{"rendered":"<p>Organised by the <em>Haus der Heimat des Landes Baden-W\u00fcrttemberg<\/em>, a group of German teachers visited the Faculty of Humanities and Social Sciences in Osijek and the Department of German Language and Literature on 29 May 2026. The visit was organised with the aim of learning about the Croatian education system and exchanging experiences in the field of teaching.<\/p>\n<p>During the morning, accompanied by members of the Department of German Language and Literature Martina Budimir, MA, Ivana \u0160ari\u0107 \u0160ok\u010devi\u0107, PhD, Sanja Ivanovi\u0107 Grguri\u0107, and Ana Keglevi\u0107 Bla\u017eevi\u0107, the guests visited several secondary schools in Osijek: I Grammar School Osijek, II Grammar School Osijek, Jesuit Classical Grammar School, and the School of Economics and Administration Osijek.<\/p>\n<p>During their visits to the schools, the German teachers spoke with school staff and gained insight into the organisation of work and curricula, teachers\u2019 everyday work, and the position of the teaching profession in Croatian society.<\/p>\n<p>After visiting the schools and taking a short break, the guests visited the Faculty of Humanities and Social Sciences in Osijek in the afternoon. In the Small Council Hall, they were welcomed in German by Vice-Dean Associate Professor Sanja Juki\u0107, PhD, while Associate Professor Ivana Jozi\u0107, PhD, welcomed the guests on behalf of the Department of German Language and Literature.<\/p>\n<p>Following the introductory remarks, a round table entitled \u201cEducation and Professional Development of German Language Teachers\u201d was held, with the participation of teachers and students from the Department of German Language and Literature. Guest participants in the discussion included Izabela Potnar Miji\u0107, Senior Adviser for English and German at the Education and Teacher Training Agency, and Nino\u010dka Truck-Biljan, PhD, Head of Teaching Practice for students enrolled in the teacher education tracks of German Language and Literature and English Language and Literature.<\/p>\n<p>The programme concluded with a guided tour of the Faculty of Humanities and Social Sciences in Osijek.<\/p>\n\n\t\t<style>\n\t\t\t#gallery-1 {\n\t\t\t\tmargin: auto;\n\t\t\t}\n\t\t\t#gallery-1 .gallery-item {\n\t\t\t\tfloat: left;\n\t\t\t\tmargin-top: 10px;\n\t\t\t\ttext-align: center;\n\t\t\t\twidth: 33%;\n\t\t\t}\n\t\t\t#gallery-1 img {\n\t\t\t\tborder: 2px solid #cfcfcf;\n\t\t\t}\n\t\t\t#gallery-1 .gallery-caption {\n\t\t\t\tmargin-left: 0;\n\t\t\t}\n\t\t\t\/* see gallery_shortcode() in wp-includes\/media.php *\/\n\t\t<\/style>\n\t\t<div id='gallery-1' class='gallery galleryid-124402 gallery-columns-3 gallery-size-large'><dl class='gallery-item'>\n\t\t\t<dt class='gallery-icon landscape'>\n\t\t\t\t<a href='https:\/\/www.ffos.unios.hr\/wp-content\/uploads\/2026\/06\/skolski-sat.jpg'><img decoding=\"async\" width=\"1024\" height=\"576\" src=\"https:\/\/www.ffos.unios.hr\/wp-content\/uploads\/2026\/06\/skolski-sat-1024x576.jpg\" class=\"attachment-large size-large\" alt=\"\" srcset=\"https:\/\/www.ffos.unios.hr\/wp-content\/uploads\/2026\/06\/skolski-sat-1024x576.jpg 1024w, https:\/\/www.ffos.unios.hr\/wp-content\/uploads\/2026\/06\/skolski-sat-300x169.jpg 300w, https:\/\/www.ffos.unios.hr\/wp-content\/uploads\/2026\/06\/skolski-sat-768x432.jpg 768w, https:\/\/www.ffos.unios.hr\/wp-content\/uploads\/2026\/06\/skolski-sat-1536x864.jpg 1536w, https:\/\/www.ffos.unios.hr\/wp-content\/uploads\/2026\/06\/skolski-sat.jpg 1600w\" sizes=\"(max-width: 1024px) 100vw, 1024px\" \/><\/a>\n\t\t\t<\/dt><\/dl><dl class='gallery-item'>\n\t\t\t<dt class='gallery-icon landscape'>\n\t\t\t\t<a href='https:\/\/www.ffos.unios.hr\/wp-content\/uploads\/2026\/06\/mala-vijecnica.jpg'><img decoding=\"async\" width=\"1024\" height=\"577\" src=\"https:\/\/www.ffos.unios.hr\/wp-content\/uploads\/2026\/06\/mala-vijecnica-1024x577.jpg\" class=\"attachment-large size-large\" alt=\"\" srcset=\"https:\/\/www.ffos.unios.hr\/wp-content\/uploads\/2026\/06\/mala-vijecnica-1024x577.jpg 1024w, https:\/\/www.ffos.unios.hr\/wp-content\/uploads\/2026\/06\/mala-vijecnica-300x169.jpg 300w, https:\/\/www.ffos.unios.hr\/wp-content\/uploads\/2026\/06\/mala-vijecnica-768x432.jpg 768w, https:\/\/www.ffos.unios.hr\/wp-content\/uploads\/2026\/06\/mala-vijecnica-1536x865.jpg 1536w, https:\/\/www.ffos.unios.hr\/wp-content\/uploads\/2026\/06\/mala-vijecnica.jpg 2000w\" sizes=\"(max-width: 1024px) 100vw, 1024px\" \/><\/a>\n\t\t\t<\/dt><\/dl><dl class='gallery-item'>\n\t\t\t<dt class='gallery-icon landscape'>\n\t\t\t\t<a href='https:\/\/www.ffos.unios.hr\/wp-content\/uploads\/2026\/06\/grupna-slika-mala-vijecnica.jpg'><img decoding=\"async\" width=\"1024\" height=\"490\" src=\"https:\/\/www.ffos.unios.hr\/wp-content\/uploads\/2026\/06\/grupna-slika-mala-vijecnica-1024x490.jpg\" class=\"attachment-large size-large\" alt=\"\" srcset=\"https:\/\/www.ffos.unios.hr\/wp-content\/uploads\/2026\/06\/grupna-slika-mala-vijecnica-1024x490.jpg 1024w, https:\/\/www.ffos.unios.hr\/wp-content\/uploads\/2026\/06\/grupna-slika-mala-vijecnica-300x144.jpg 300w, https:\/\/www.ffos.unios.hr\/wp-content\/uploads\/2026\/06\/grupna-slika-mala-vijecnica-768x367.jpg 768w, https:\/\/www.ffos.unios.hr\/wp-content\/uploads\/2026\/06\/grupna-slika-mala-vijecnica.jpg 1532w\" sizes=\"(max-width: 1024px) 100vw, 1024px\" \/><\/a>\n\t\t\t<\/dt><\/dl><br style=\"clear: both\" \/><dl class='gallery-item'>\n\t\t\t<dt class='gallery-icon landscape'>\n\t\t\t\t<a href='https:\/\/www.ffos.unios.hr\/wp-content\/uploads\/2026\/06\/skola-tvrda.jpg'><img decoding=\"async\" width=\"1024\" height=\"768\" src=\"https:\/\/www.ffos.unios.hr\/wp-content\/uploads\/2026\/06\/skola-tvrda-1024x768.jpg\" class=\"attachment-large size-large\" alt=\"\" srcset=\"https:\/\/www.ffos.unios.hr\/wp-content\/uploads\/2026\/06\/skola-tvrda-1024x768.jpg 1024w, https:\/\/www.ffos.unios.hr\/wp-content\/uploads\/2026\/06\/skola-tvrda-300x225.jpg 300w, https:\/\/www.ffos.unios.hr\/wp-content\/uploads\/2026\/06\/skola-tvrda-768x576.jpg 768w, https:\/\/www.ffos.unios.hr\/wp-content\/uploads\/2026\/06\/skola-tvrda-1536x1152.jpg 1536w, https:\/\/www.ffos.unios.hr\/wp-content\/uploads\/2026\/06\/skola-tvrda.jpg 1600w\" sizes=\"(max-width: 1024px) 100vw, 1024px\" \/><\/a>\n\t\t\t<\/dt><\/dl><dl class='gallery-item'>\n\t\t\t<dt class='gallery-icon portrait'>\n\t\t\t\t<a href='https:\/\/www.ffos.unios.hr\/wp-content\/uploads\/2026\/06\/tvrda.jpg'><img decoding=\"async\" width=\"837\" height=\"1024\" src=\"https:\/\/www.ffos.unios.hr\/wp-content\/uploads\/2026\/06\/tvrda-837x1024.jpg\" class=\"attachment-large size-large\" alt=\"\" srcset=\"https:\/\/www.ffos.unios.hr\/wp-content\/uploads\/2026\/06\/tvrda-837x1024.jpg 837w, https:\/\/www.ffos.unios.hr\/wp-content\/uploads\/2026\/06\/tvrda-245x300.jpg 245w, https:\/\/www.ffos.unios.hr\/wp-content\/uploads\/2026\/06\/tvrda-768x939.jpg 768w, https:\/\/www.ffos.unios.hr\/wp-content\/uploads\/2026\/06\/tvrda.jpg 1181w\" sizes=\"(max-width: 837px) 100vw, 837px\" \/><\/a>\n\t\t\t<\/dt><\/dl><dl class='gallery-item'>\n\t\t\t<dt class='gallery-icon landscape'>\n\t\t\t\t<a href='https:\/\/www.ffos.unios.hr\/wp-content\/uploads\/2026\/06\/skola-opca-scaled.jpeg'><img decoding=\"async\" width=\"1024\" height=\"758\" src=\"https:\/\/www.ffos.unios.hr\/wp-content\/uploads\/2026\/06\/skola-opca-1024x758.jpeg\" class=\"attachment-large size-large\" alt=\"\" srcset=\"https:\/\/www.ffos.unios.hr\/wp-content\/uploads\/2026\/06\/skola-opca-1024x758.jpeg 1024w, https:\/\/www.ffos.unios.hr\/wp-content\/uploads\/2026\/06\/skola-opca-300x222.jpeg 300w, https:\/\/www.ffos.unios.hr\/wp-content\/uploads\/2026\/06\/skola-opca-768x569.jpeg 768w, https:\/\/www.ffos.unios.hr\/wp-content\/uploads\/2026\/06\/skola-opca-1536x1138.jpeg 1536w, https:\/\/www.ffos.unios.hr\/wp-content\/uploads\/2026\/06\/skola-opca-scaled.jpeg 2048w\" sizes=\"(max-width: 1024px) 100vw, 1024px\" \/><\/a>\n\t\t\t<\/dt><\/dl><br style=\"clear: both\" \/>\n\t\t<\/div>\n\n","protected":false},"excerpt":{"rendered":"<p>Organised by the Haus der Heimat des Landes Baden-W\u00fcrttemberg, a group of German teachers visited the Faculty of Humanities and Social Sciences in Osijek and the Department of German Language and Literature on 29 May 2026. The visit was organised with the aim of learning about the Croatian education system and exchanging experiences in the [&hellip;]<\/p>\n","protected":false},"author":16,"featured_media":124395,"comment_status":"closed","ping_status":"closed","sticky":false,"template":"","format":"standard","meta":{"_acf_changed":false,"footnotes":""},"categories":[71,2],"tags":[],"calendar":[],"class_list":["post-124402","post","type-post","status-publish","format-standard","has-post-thumbnail","hentry","category-news","category-others","topics-okrugli-stol","odsjeci-department-of-german-language-and-literature"],"acf":[],"_links":{"self":[{"href":"https:\/\/www.ffos.unios.hr\/en\/wp-json\/wp\/v2\/posts\/124402","targetHints":{"allow":["GET"]}}],"collection":[{"href":"https:\/\/www.ffos.unios.hr\/en\/wp-json\/wp\/v2\/posts"}],"about":[{"href":"https:\/\/www.ffos.unios.hr\/en\/wp-json\/wp\/v2\/types\/post"}],"author":[{"embeddable":true,"href":"https:\/\/www.ffos.unios.hr\/en\/wp-json\/wp\/v2\/users\/16"}],"replies":[{"embeddable":true,"href":"https:\/\/www.ffos.unios.hr\/en\/wp-json\/wp\/v2\/comments?post=124402"}],"version-history":[{"count":2,"href":"https:\/\/www.ffos.unios.hr\/en\/wp-json\/wp\/v2\/posts\/124402\/revisions"}],"predecessor-version":[{"id":124404,"href":"https:\/\/www.ffos.unios.hr\/en\/wp-json\/wp\/v2\/posts\/124402\/revisions\/124404"}],"wp:featuredmedia":[{"embeddable":true,"href":"https:\/\/www.ffos.unios.hr\/en\/wp-json\/wp\/v2\/media\/124395"}],"wp:attachment":[{"href":"https:\/\/www.ffos.unios.hr\/en\/wp-json\/wp\/v2\/media?parent=124402"}],"wp:term":[{"taxonomy":"category","embeddable":true,"href":"https:\/\/www.ffos.unios.hr\/en\/wp-json\/wp\/v2\/categories?post=124402"},{"taxonomy":"post_tag","embeddable":true,"href":"https:\/\/www.ffos.unios.hr\/en\/wp-json\/wp\/v2\/tags?post=124402"},{"taxonomy":"calendar","embeddable":true,"href":"https:\/\/www.ffos.unios.hr\/en\/wp-json\/wp\/v2\/calendar?post=124402"}],"curies":[{"name":"wp","href":"https:\/\/api.w.org\/{rel}","templated":true}]}}