{"id":124706,"date":"2026-03-23T09:39:09","date_gmt":"2026-03-23T08:39:09","guid":{"rendered":"https:\/\/www.ffos.unios.hr\/sudjelovanje-studentica-na-11-omep-ovu-znanstveno-strucnom-skupu\/"},"modified":"2026-08-24T13:46:56","modified_gmt":"2026-08-24T11:46:56","slug":"participation-of-students-in-the-11th-omep-scientific-and-professional-conference","status":"publish","type":"post","link":"https:\/\/www.ffos.unios.hr\/en\/participation-of-students-in-the-11th-omep-scientific-and-professional-conference\/","title":{"rendered":"Participation of Students in the 11th OMEP Scientific and Professional Conference"},"content":{"rendered":"<p>&nbsp;<\/p>\n<p style=\"text-align: justify;\">On Monday and Tuesday, 16 and 17 March 2026, first-year students of the University Graduate Double Major Study Programme in Pedagogy, <strong>Klara Jerkovi\u0107<\/strong> and <strong>Laura \u0160pionjak<\/strong>, under the mentorship of Senior Teaching Assistant Katarina Bogati\u0107, PhD, participated in the <strong>11th OMEP Scientific and Professional Conference<\/strong> entitled <a href=\"https:\/\/www.omep.hr\/omep2026.html\" rel=\"noopener\">\u201cEducation for Peace: The Quality of Relationships as the Foundation for Change\u201d<\/a>. The conference was held at Hotel Eden in Rovinj and was co-organised by OMEP Croatia and the Faculty of Teacher Education, University of Zagreb.<\/p>\n<p style=\"text-align: justify;\">The students participated in the conference as part of an extracurricular activity, while the Faculty of Humanities and Social Sciences covered the costs of their participation, with the aim of encouraging student engagement in scientific and professional work and the dissemination of research findings.<br \/>\nTogether with their mentor, the students presented a paper entitled \u201cChildren as Co-Researchers: Applying the Photovoice Method in Research on Peace and Conflict\u201d, which presented the results of research conducted as part of the <strong>elective course <em>Research with Children<\/em><\/strong>.<\/p>\n<p style=\"text-align: justify;\">Students Mia Bari\u010devi\u0107, Stela Peter and Ana Zeki\u0107 also participated in conducting the research.<\/p>\n<p>&nbsp;<\/p>\n<p><img decoding=\"async\" class=\"alignnone wp-image-116444\" src=\"https:\/\/www.ffos.unios.hr\/wp-content\/uploads\/2026\/03\/1-225x300.jpg\" alt=\"\" width=\"306\" height=\"408\" srcset=\"https:\/\/www.ffos.unios.hr\/wp-content\/uploads\/2026\/03\/1-225x300.jpg 225w, https:\/\/www.ffos.unios.hr\/wp-content\/uploads\/2026\/03\/1.jpg 523w\" sizes=\"(max-width: 306px) 100vw, 306px\" \/><img decoding=\"async\" class=\"alignnone wp-image-116445\" src=\"https:\/\/www.ffos.unios.hr\/wp-content\/uploads\/2026\/03\/2-1-225x300.jpg\" alt=\"\" width=\"306\" height=\"408\" srcset=\"https:\/\/www.ffos.unios.hr\/wp-content\/uploads\/2026\/03\/2-1-225x300.jpg 225w, https:\/\/www.ffos.unios.hr\/wp-content\/uploads\/2026\/03\/2-1.jpg 525w\" sizes=\"(max-width: 306px) 100vw, 306px\" \/><img decoding=\"async\" class=\"wp-image-116446 alignleft\" src=\"https:\/\/www.ffos.unios.hr\/wp-content\/uploads\/2026\/03\/3-1-300x170.jpg\" alt=\"\" width=\"490\" height=\"278\" srcset=\"https:\/\/www.ffos.unios.hr\/wp-content\/uploads\/2026\/03\/3-1-300x170.jpg 300w, https:\/\/www.ffos.unios.hr\/wp-content\/uploads\/2026\/03\/3-1-1024x579.jpg 1024w, https:\/\/www.ffos.unios.hr\/wp-content\/uploads\/2026\/03\/3-1-768x434.jpg 768w, https:\/\/www.ffos.unios.hr\/wp-content\/uploads\/2026\/03\/3-1.jpg 1038w\" sizes=\"(max-width: 490px) 100vw, 490px\" \/><\/p>\n","protected":false},"excerpt":{"rendered":"<p>&nbsp; On Monday and Tuesday, 16 and 17 March 2026, first-year students of the University Graduate Double Major Study Programme in Pedagogy, Klara Jerkovi\u0107 and Laura \u0160pionjak, under the mentorship of Senior Teaching Assistant Katarina Bogati\u0107, PhD, participated in the 11th OMEP Scientific and Professional Conference entitled \u201cEducation for Peace: The Quality of Relationships as [&hellip;]<\/p>\n","protected":false},"author":71,"featured_media":124704,"comment_status":"closed","ping_status":"closed","sticky":false,"template":"","format":"standard","meta":{"_acf_changed":false,"footnotes":""},"categories":[2],"tags":[],"calendar":[],"class_list":["post-124706","post","type-post","status-publish","format-standard","has-post-thumbnail","hentry","category-others","topics-sudjelovanje-na-skupu","odsjeci-department-of-pedagogy"],"acf":[],"_links":{"self":[{"href":"https:\/\/www.ffos.unios.hr\/en\/wp-json\/wp\/v2\/posts\/124706","targetHints":{"allow":["GET"]}}],"collection":[{"href":"https:\/\/www.ffos.unios.hr\/en\/wp-json\/wp\/v2\/posts"}],"about":[{"href":"https:\/\/www.ffos.unios.hr\/en\/wp-json\/wp\/v2\/types\/post"}],"author":[{"embeddable":true,"href":"https:\/\/www.ffos.unios.hr\/en\/wp-json\/wp\/v2\/users\/71"}],"replies":[{"embeddable":true,"href":"https:\/\/www.ffos.unios.hr\/en\/wp-json\/wp\/v2\/comments?post=124706"}],"version-history":[{"count":2,"href":"https:\/\/www.ffos.unios.hr\/en\/wp-json\/wp\/v2\/posts\/124706\/revisions"}],"predecessor-version":[{"id":124709,"href":"https:\/\/www.ffos.unios.hr\/en\/wp-json\/wp\/v2\/posts\/124706\/revisions\/124709"}],"wp:featuredmedia":[{"embeddable":true,"href":"https:\/\/www.ffos.unios.hr\/en\/wp-json\/wp\/v2\/media\/124704"}],"wp:attachment":[{"href":"https:\/\/www.ffos.unios.hr\/en\/wp-json\/wp\/v2\/media?parent=124706"}],"wp:term":[{"taxonomy":"category","embeddable":true,"href":"https:\/\/www.ffos.unios.hr\/en\/wp-json\/wp\/v2\/categories?post=124706"},{"taxonomy":"post_tag","embeddable":true,"href":"https:\/\/www.ffos.unios.hr\/en\/wp-json\/wp\/v2\/tags?post=124706"},{"taxonomy":"calendar","embeddable":true,"href":"https:\/\/www.ffos.unios.hr\/en\/wp-json\/wp\/v2\/calendar?post=124706"}],"curies":[{"name":"wp","href":"https:\/\/api.w.org\/{rel}","templated":true}]}}