{"id":127047,"date":"2026-03-03T13:35:02","date_gmt":"2026-03-03T12:35:02","guid":{"rendered":"https:\/\/www.ffos.unios.hr\/popis-studenata-za-skolsku-praksu-likovne-kulture-i-umjetnosti\/"},"modified":"2026-09-02T13:54:39","modified_gmt":"2026-09-02T11:54:39","slug":"list-of-students-for-school-practice-in-art-education-and-art","status":"publish","type":"post","link":"https:\/\/www.ffos.unios.hr\/en\/list-of-students-for-school-practice-in-art-education-and-art\/","title":{"rendered":"List of Students for School Practice in Art Education and Art"},"content":{"rendered":"<p>STUDENT SCHEDULE FOR SCHOOL PRACTICE IN ART EDUCATION AND ART IN THE SUMMER SEMESTER OF THE 2025\/2026 ACADEMIC YEAR<\/p>\n<p>PRIMARY SCHOOL<\/p>\n<p>mentor: Roko Id\u017eojti\u0107, Prof., Antun Mihanovi\u0107 Primary School, Osijek<\/p>\n<p>Date of the first visit to the school: 26 February 2026 at 10:00 a.m.<\/p>\n<p>mentor&#8217;s e-mail: rokovt@gmail.com<\/p>\n<p>Students:<\/p>\n<p>1. Tihana Adri\u0107<\/p>\n<p>2. Korina Bogdanovi\u0107<\/p>\n<p>3. Rebecca Hava\u0161i<\/p>\n<p>4. Bernarda Kasi\u0107<\/p>\n<p>5. Lorena Ober<\/p>\n<p>6. Ina Prigl<\/p>\n<p>&nbsp;<\/p>\n<p>GRAMMAR SCHOOL<\/p>\n<p>mentor: Nata\u0161a Tram, Prof.<\/p>\n<p>First Grammar School, Osijek<\/p>\n<p>Date of the first visit to the school: 24 February 2026 at 2:00 p.m.<\/p>\n<p>mentor&#8217;s e-mail: natasa.tram@gmail.com<\/p>\n<p>Students:<\/p>\n<p>1. Tihana Adri\u0107<\/p>\n<p>2. Korina Bogdanovi\u0107<\/p>\n<p>3. Rebecca Hava\u0161i<\/p>\n<p>4. Bernarda Kasi\u0107<\/p>\n<p>5. Lorena Ober<\/p>\n<p>6. Ina Prigl<\/p>\n","protected":false},"excerpt":{"rendered":"<p>STUDENT SCHEDULE FOR SCHOOL PRACTICE IN ART EDUCATION AND ART IN THE SUMMER SEMESTER OF THE 2025\/2026 ACADEMIC YEAR PRIMARY SCHOOL mentor: Roko Id\u017eojti\u0107, Prof., Antun Mihanovi\u0107 Primary School, Osijek Date of the first visit to the school: 26 February 2026 at 10:00 a.m. mentor&#8217;s e-mail: rokovt@gmail.com Students: 1. Tihana Adri\u0107 2. Korina Bogdanovi\u0107 3. [&hellip;]<\/p>\n","protected":false},"author":50,"featured_media":0,"comment_status":"closed","ping_status":"closed","sticky":false,"template":"","format":"standard","meta":{"_acf_changed":false,"footnotes":""},"categories":[2],"tags":[],"calendar":[],"class_list":["post-127047","post","type-post","status-publish","format-standard","hentry","category-others","odsjeci-sub-department-of-art-history"],"acf":[],"_links":{"self":[{"href":"https:\/\/www.ffos.unios.hr\/en\/wp-json\/wp\/v2\/posts\/127047","targetHints":{"allow":["GET"]}}],"collection":[{"href":"https:\/\/www.ffos.unios.hr\/en\/wp-json\/wp\/v2\/posts"}],"about":[{"href":"https:\/\/www.ffos.unios.hr\/en\/wp-json\/wp\/v2\/types\/post"}],"author":[{"embeddable":true,"href":"https:\/\/www.ffos.unios.hr\/en\/wp-json\/wp\/v2\/users\/50"}],"replies":[{"embeddable":true,"href":"https:\/\/www.ffos.unios.hr\/en\/wp-json\/wp\/v2\/comments?post=127047"}],"version-history":[{"count":2,"href":"https:\/\/www.ffos.unios.hr\/en\/wp-json\/wp\/v2\/posts\/127047\/revisions"}],"predecessor-version":[{"id":127049,"href":"https:\/\/www.ffos.unios.hr\/en\/wp-json\/wp\/v2\/posts\/127047\/revisions\/127049"}],"wp:attachment":[{"href":"https:\/\/www.ffos.unios.hr\/en\/wp-json\/wp\/v2\/media?parent=127047"}],"wp:term":[{"taxonomy":"category","embeddable":true,"href":"https:\/\/www.ffos.unios.hr\/en\/wp-json\/wp\/v2\/categories?post=127047"},{"taxonomy":"post_tag","embeddable":true,"href":"https:\/\/www.ffos.unios.hr\/en\/wp-json\/wp\/v2\/tags?post=127047"},{"taxonomy":"calendar","embeddable":true,"href":"https:\/\/www.ffos.unios.hr\/en\/wp-json\/wp\/v2\/calendar?post=127047"}],"curies":[{"name":"wp","href":"https:\/\/api.w.org\/{rel}","templated":true}]}}