{"id":127120,"date":"2026-03-09T14:09:52","date_gmt":"2026-03-09T13:09:52","guid":{"rendered":"https:\/\/www.ffos.unios.hr\/socios\/"},"modified":"2026-09-02T15:27:53","modified_gmt":"2026-09-02T13:27:53","slug":"socios","status":"publish","type":"post","link":"https:\/\/www.ffos.unios.hr\/en\/socios\/","title":{"rendered":"SOCIOS \u2013 International Women&#8217;s Day Celebration"},"content":{"rendered":"<p style=\"text-align: justify;\">Dear all,<\/p>\n<p>We invite you to join us in celebrating International Women&#8217;s Day, organised by the SOCIOS Student Association.<\/p>\n<p>We are marking this important day, which celebrates the struggle for women&#8217;s rights and equality while also reminding us that rights are hard won but easily taken away, with a series of lectures and a pub quiz.<\/p>\n<p>location: FFOS, Small Ceremonial Hall (39)<br \/>\ntime: 11 March (Wednesday); starting at 4:00 p.m.<br \/>\nspeakers:<br \/>\nAssoc. Prof. Anita Dremel, PhD \u2013 Mental Labour in the Household<br \/>\nAssoc. Prof. Barbara Herceg-Pak\u0161i\u0107, PhD \u2013 Femicide<br \/>\nNarcisa Vrbe\u0161i\u0107-Ravli\u0107, univ. mag. iur., univ. spec. iur. \u2013 Women&#8217;s Voice in Focus: Initiatives and Change<\/p>\n<p>In addition, starting at 8:00 p.m., we will hold a general knowledge pub quiz at Caffe Bar Mind! You can register your team using the following link: https:\/\/docs.google.com\/forms\/d\/e\/1FAIpQLSfkfGGSXCktVqlzi_iiOK_OR0q57X6ww6fz6dQm8FqohSQRQw\/viewform<\/p>\n<p>We look forward to seeing you!<\/p>\n<p><img decoding=\"async\" class=\"alignnone size-large wp-image-116079\" src=\"https:\/\/www.ffos.unios.hr\/wp-content\/uploads\/2026\/03\/Medunarodni-dan-zena-u-SOCIOSU-1-724x1024.png\" alt=\"\" width=\"724\" height=\"1024\" srcset=\"https:\/\/www.ffos.unios.hr\/wp-content\/uploads\/2026\/03\/Medunarodni-dan-zena-u-SOCIOSU-1-724x1024.png 724w, https:\/\/www.ffos.unios.hr\/wp-content\/uploads\/2026\/03\/Medunarodni-dan-zena-u-SOCIOSU-1-212x300.png 212w, https:\/\/www.ffos.unios.hr\/wp-content\/uploads\/2026\/03\/Medunarodni-dan-zena-u-SOCIOSU-1-768x1086.png 768w, https:\/\/www.ffos.unios.hr\/wp-content\/uploads\/2026\/03\/Medunarodni-dan-zena-u-SOCIOSU-1-1086x1536.png 1086w, https:\/\/www.ffos.unios.hr\/wp-content\/uploads\/2026\/03\/Medunarodni-dan-zena-u-SOCIOSU-1.png 1414w\" sizes=\"(max-width: 724px) 100vw, 724px\" \/><\/p>\n","protected":false},"excerpt":{"rendered":"<p>Dear all, We invite you to join us in celebrating International Women&#8217;s Day, organised by the SOCIOS Student Association. We are marking this important day, which celebrates the struggle for women&#8217;s rights and equality while also reminding us that rights are hard won but easily taken away, with a series of lectures and a pub [&hellip;]<\/p>\n","protected":false},"author":21,"featured_media":0,"comment_status":"closed","ping_status":"closed","sticky":false,"template":"","format":"standard","meta":{"_acf_changed":false,"footnotes":""},"categories":[2],"tags":[],"calendar":[],"class_list":["post-127120","post","type-post","status-publish","format-standard","hentry","category-others","topics-dogadjaj-en","topics-predavanje","odsjeci-department-of-sociology"],"acf":[],"_links":{"self":[{"href":"https:\/\/www.ffos.unios.hr\/en\/wp-json\/wp\/v2\/posts\/127120","targetHints":{"allow":["GET"]}}],"collection":[{"href":"https:\/\/www.ffos.unios.hr\/en\/wp-json\/wp\/v2\/posts"}],"about":[{"href":"https:\/\/www.ffos.unios.hr\/en\/wp-json\/wp\/v2\/types\/post"}],"author":[{"embeddable":true,"href":"https:\/\/www.ffos.unios.hr\/en\/wp-json\/wp\/v2\/users\/21"}],"replies":[{"embeddable":true,"href":"https:\/\/www.ffos.unios.hr\/en\/wp-json\/wp\/v2\/comments?post=127120"}],"version-history":[{"count":1,"href":"https:\/\/www.ffos.unios.hr\/en\/wp-json\/wp\/v2\/posts\/127120\/revisions"}],"predecessor-version":[{"id":127121,"href":"https:\/\/www.ffos.unios.hr\/en\/wp-json\/wp\/v2\/posts\/127120\/revisions\/127121"}],"wp:attachment":[{"href":"https:\/\/www.ffos.unios.hr\/en\/wp-json\/wp\/v2\/media?parent=127120"}],"wp:term":[{"taxonomy":"category","embeddable":true,"href":"https:\/\/www.ffos.unios.hr\/en\/wp-json\/wp\/v2\/categories?post=127120"},{"taxonomy":"post_tag","embeddable":true,"href":"https:\/\/www.ffos.unios.hr\/en\/wp-json\/wp\/v2\/tags?post=127120"},{"taxonomy":"calendar","embeddable":true,"href":"https:\/\/www.ffos.unios.hr\/en\/wp-json\/wp\/v2\/calendar?post=127120"}],"curies":[{"name":"wp","href":"https:\/\/api.w.org\/{rel}","templated":true}]}}